{"id":1889,"date":"2015-04-07T11:40:23","date_gmt":"2015-04-07T09:40:23","guid":{"rendered":"http:\/\/www.armbrustschuetzen.at\/?p=1889"},"modified":"2023-03-14T11:43:00","modified_gmt":"2023-03-14T10:43:00","slug":"jahresvollversammlung-am-27-03-2015","status":"publish","type":"post","link":"https:\/\/www.armbrustschuetzen.at\/?p=1889","title":{"rendered":"Jahresvollversammlung am 27-03-2015"},"content":{"rendered":"<p>Der erste Ischler Armbrustsch\u00fctzenverein Rettenbach lud Mitte M\u00e4rz seine Mitglieder zur 143. Jahresvollversammlung ein.<\/p>\n<p>Nach der Begr\u00fc\u00dfung durch Sch\u00fctzenmeister Dominik M\u00fcllegger wurde in einer Schweigeminute den verstorbenen Mitgliedern gedacht. Es folgte der Bericht des Schriftf\u00fchrers sowie der Kassabericht von Kassier Herbert Rettenbacher. Die Kassapr\u00fcfer lobten seine hervorragend gef\u00fchrte Einnahmen- Ausgabenrechnung und baten um seine Entlastung. Diese wurde einstimmig durch die anwesenden Mitglieder erteilt.<\/p>\n<p>Zwei neue Sch\u00fctzenkameraden, Dr. Walter Winkler und Wolfgang Grieshofer, konnten in den Verein aufgenommen werden. Austritte gab es erfreulicherweise keine. Im Anschluss wurde der Tagesordnungspunkt \u201eNeuwahl des Vereinsvorstandes\u201c durchgef\u00fchrt, welcher zu folgendem Wahlergebnis f\u00fchrte: Sch\u00fctzenmeister Dominik M\u00fcllegger, Stellvertreter Alexander Bittner, Kassier Herbert Rettenbacher, Stellvertreter Josef Zeppezauer, Schriftf\u00fchrer Roland Erricher, Stellvertreter Christian Schiendorfer. Unter dem Punkt \u201eAllf\u00e4lliges\u201c wurden unter anderem die anstehenden Aktivit\u00e4ten f\u00fcr das Sch\u00fctzenjahr 2015 besprochen. Schwerpunkt wird heuer die Teilnahme am Blumenkorso im Rahmen der O\u00d6 Landesgartenschau Bad Ischl sein. Ebenso wird wieder der Bad Ischler Lionsclub bei den Rettenbacher Armbrussch\u00fctzen gastieren.<\/p>\n","protected":false},"excerpt":{"rendered":"<p>Der erste Ischler Armbrustsch\u00fctzenverein Rettenbach lud Mitte M\u00e4rz seine Mitglieder zur 143. Jahresvollversammlung ein. Nach der Begr\u00fc\u00dfung durch Sch\u00fctzenmeister Dominik M\u00fcllegger wurde in einer Schweigeminute den verstorbenen Mitgliedern gedacht. Es &#8230;<\/p>\n","protected":false},"author":1,"featured_media":35,"comment_status":"open","ping_status":"open","sticky":false,"template":"","format":"standard","meta":[],"categories":[1],"tags":[],"_links":{"self":[{"href":"https:\/\/www.armbrustschuetzen.at\/index.php?rest_route=\/wp\/v2\/posts\/1889"}],"collection":[{"href":"https:\/\/www.armbrustschuetzen.at\/index.php?rest_route=\/wp\/v2\/posts"}],"about":[{"href":"https:\/\/www.armbrustschuetzen.at\/index.php?rest_route=\/wp\/v2\/types\/post"}],"author":[{"embeddable":true,"href":"https:\/\/www.armbrustschuetzen.at\/index.php?rest_route=\/wp\/v2\/users\/1"}],"replies":[{"embeddable":true,"href":"https:\/\/www.armbrustschuetzen.at\/index.php?rest_route=%2Fwp%2Fv2%2Fcomments&post=1889"}],"version-history":[{"count":1,"href":"https:\/\/www.armbrustschuetzen.at\/index.php?rest_route=\/wp\/v2\/posts\/1889\/revisions"}],"predecessor-version":[{"id":1890,"href":"https:\/\/www.armbrustschuetzen.at\/index.php?rest_route=\/wp\/v2\/posts\/1889\/revisions\/1890"}],"wp:featuredmedia":[{"embeddable":true,"href":"https:\/\/www.armbrustschuetzen.at\/index.php?rest_route=\/wp\/v2\/media\/35"}],"wp:attachment":[{"href":"https:\/\/www.armbrustschuetzen.at\/index.php?rest_route=%2Fwp%2Fv2%2Fmedia&parent=1889"}],"wp:term":[{"taxonomy":"category","embeddable":true,"href":"https:\/\/www.armbrustschuetzen.at\/index.php?rest_route=%2Fwp%2Fv2%2Fcategories&post=1889"},{"taxonomy":"post_tag","embeddable":true,"href":"https:\/\/www.armbrustschuetzen.at\/index.php?rest_route=%2Fwp%2Fv2%2Ftags&post=1889"}],"curies":[{"name":"wp","href":"https:\/\/api.w.org\/{rel}","templated":true}]}}